{"id":397,"date":"2010-12-11T12:39:57","date_gmt":"2010-12-11T11:39:57","guid":{"rendered":"http:\/\/www.botanik-sw.de\/BAS\/module\/wordpress\/?p=397"},"modified":"2016-06-28T14:12:41","modified_gmt":"2016-06-28T13:12:41","slug":"aufruf-zur-grundung-einer-regionalgruppe-in-der-kurpfalz","status":"publish","type":"post","link":"https:\/\/www.botanik-sw.de\/BAS\/module\/wordpress\/?p=397","title":{"rendered":"Aufruf zur Gr\u00fcndung einer Regionalgruppe in der Kurpfalz"},"content":{"rendered":"<p>Die botanischer Erforschung der Kurpfalz hat eine lange Tradition. Die \u00e4ltesten floristischen Angaben stammen bereits aus dem 16. Jh. vom Heidelberger Arzt Tabernaemontanus (eigentlich Jacob Theodor). Im Rahmen der floristischen Kartierung S\u00fcdwestdeutschlands m\u00f6chte die BAS ihren zahlreichen Mitgliedern aus dem Rhein-Neckar-Raum anbieten, mit der Gr\u00fcndung einer Regionalgruppe an diese Tradition anzukn\u00fcpfen. Bezugsgebiet ist dabei im Wesentlichen der Rhein-Neckar-Kreis, der Neckar-Odenwald-Kreis, die Stadtkreise Mannheim und Heidel\u00acberg sowie die angrenzenden Gebiete in S\u00fcdhessen, der Vorderpfalz und Unterfranken. Hauptaktivit\u00e4t der Regionalgruppe soll dabei in erster Linie die floristische Kartierung des Gebietes sein, wobei w\u00e4hrend der Saison mindestens monatlich eine gemeinsame Exkursion stattfinden soll. Auch f\u00fcr das Winterhalbjahr sind Treffen vorgesehen, w\u00e4hrend derer Kartiermethoden diskutiert, Herbarmaterial durchgesehen und Bestimmungsprobleme besprochen werden sollen. Schwerpunkte k\u00f6nnten die artenreiche Adventivflora sein oder die Kartierung sonst wenig begangener Gebiete; auch Vortr\u00e4ge sind denkbar. Die Regionalgruppe soll einen zwanglosen Charakter haben, und nat\u00fcrlich sind keine zus\u00e4tzlichen Mitgliederbeitr\u00e4ge beabsichtigt.<br \/>\nUm das Interesse an einer solchen Regionalgruppe auszuloten, bitte ich um Ihre Mitteilung. Sollten sich gen\u00fcgend Interessenten finden, so k\u00f6nnten wir \u2013 etwa im Anschluss an die j\u00e4hrliche Mannheim-Exkursion \u2013 schon im September \u00fcber das weitere Vorgehen beraten um dann 2012 die Arbeit aufnehmen.<br \/>\nWer Interesse hat, meldet sich bitte bei:<\/p>\n<p>Markus Sonnberger, Weinweg 20, 69253 Heiligkreuzsteinach, Tel. 06220\/912266,<br \/>\nvorzugsweise auch per E-Mail: mmsonnberger(at)aol.com<\/p>\n","protected":false},"excerpt":{"rendered":"<p>Die botanischer Erforschung der Kurpfalz hat eine lange Tradition. Die \u00e4ltesten floristischen Angaben stammen bereits aus dem 16. Jh. vom Heidelberger Arzt Tabernaemontanus (eigentlich Jacob Theodor). Im Rahmen der floristischen Kartierung S\u00fcdwestdeutschlands m\u00f6chte die BAS ihren zahlreichen Mitgliedern aus dem Rhein-Neckar-Raum anbieten, mit der Gr\u00fcndung einer Regionalgruppe an diese Tradition anzukn\u00fcpfen. Bezugsgebiet ist dabei im [&hellip;]<\/p>\n","protected":false},"author":4,"featured_media":0,"comment_status":"closed","ping_status":"closed","sticky":false,"template":"","format":"standard","meta":{"footnotes":""},"categories":[40],"tags":[],"class_list":{"0":"post-397","1":"post","2":"type-post","3":"status-publish","4":"format-standard","6":"category-regionalgruppe-kurpfalz","7":"czr-hentry"},"_links":{"self":[{"href":"https:\/\/www.botanik-sw.de\/BAS\/module\/wordpress\/index.php?rest_route=\/wp\/v2\/posts\/397","targetHints":{"allow":["GET"]}}],"collection":[{"href":"https:\/\/www.botanik-sw.de\/BAS\/module\/wordpress\/index.php?rest_route=\/wp\/v2\/posts"}],"about":[{"href":"https:\/\/www.botanik-sw.de\/BAS\/module\/wordpress\/index.php?rest_route=\/wp\/v2\/types\/post"}],"author":[{"embeddable":true,"href":"https:\/\/www.botanik-sw.de\/BAS\/module\/wordpress\/index.php?rest_route=\/wp\/v2\/users\/4"}],"replies":[{"embeddable":true,"href":"https:\/\/www.botanik-sw.de\/BAS\/module\/wordpress\/index.php?rest_route=%2Fwp%2Fv2%2Fcomments&post=397"}],"version-history":[{"count":4,"href":"https:\/\/www.botanik-sw.de\/BAS\/module\/wordpress\/index.php?rest_route=\/wp\/v2\/posts\/397\/revisions"}],"predecessor-version":[{"id":766,"href":"https:\/\/www.botanik-sw.de\/BAS\/module\/wordpress\/index.php?rest_route=\/wp\/v2\/posts\/397\/revisions\/766"}],"wp:attachment":[{"href":"https:\/\/www.botanik-sw.de\/BAS\/module\/wordpress\/index.php?rest_route=%2Fwp%2Fv2%2Fmedia&parent=397"}],"wp:term":[{"taxonomy":"category","embeddable":true,"href":"https:\/\/www.botanik-sw.de\/BAS\/module\/wordpress\/index.php?rest_route=%2Fwp%2Fv2%2Fcategories&post=397"},{"taxonomy":"post_tag","embeddable":true,"href":"https:\/\/www.botanik-sw.de\/BAS\/module\/wordpress\/index.php?rest_route=%2Fwp%2Fv2%2Ftags&post=397"}],"curies":[{"name":"wp","href":"https:\/\/api.w.org\/{rel}","templated":true}]}}