{"id":531,"date":"2011-12-17T15:42:48","date_gmt":"2011-12-17T14:42:48","guid":{"rendered":"http:\/\/www.botanik-sw.de\/BAS\/module\/wordpress\/?p=531"},"modified":"2016-06-28T14:12:50","modified_gmt":"2016-06-28T13:12:50","slug":"regionalgruppe-in-der-kurpfalz","status":"publish","type":"post","link":"https:\/\/www.botanik-sw.de\/BAS\/module\/wordpress\/?p=531","title":{"rendered":"Regionalgruppe in der Kurpfalz"},"content":{"rendered":"<p>von MARKUS SONNBERGER<br \/>\nBei der BAS-Exkursion im September 2011 hat sich in Mannheim eine Regionalgruppe Kurpfalz gegr\u00fcndet. Die botanische Erforschung der Kurpfalz hat eine lange Tradition. Im Rahmen der floristischen Kartierung S\u00fcdwestdeutschlands m\u00f6chte die BAS ihren zahlreichen Mitgliedern aus dem Rhein-Neckar-Raum anbieten, mit der Mitarbeit in der Regional-gruppe an diese Tradition anzukn\u00fcpfen. Bezugsgebiet ist dabei im Wesentlichen der Rhein-Neckar-Kreis, der Neckar-Odenwald-Kreis, die eingebetteten Stadtkreise Mannheim und Heidelberg sowie die angren-zenden Gebiete in S\u00fcdhessen, der Vorderpfalz und Unterfranken. Haup-taktivit\u00e4t der Regionalgruppe soll dabei in erster Linie die floristische Kartierung des Gebietes sein, wobei w\u00e4hrend der Vegetationsperiode mindestens monatlich eine gemeinsame Exkursion stattfinden soll. Auch f\u00fcr das Winterhalbjahr sind Treffen vorgesehen, bei denen Kartier-methoden und Herbarmaterial diskutiert sowie Bestimmungsprobleme besprochen werden sollen. Schwerpunkte k\u00f6nnten dabei zum Beispiel die artenreiche Adventivflora sein oder die Kartierung sonst wenig begangener Gebiete. Auch Vortr\u00e4ge oder \u00e4hnliches sind denkbar. Die Exkursionen und Treffen sollen einen zwanglosen Charakter haben, zus\u00e4tzliche Mitgliederbeitr\u00e4ge sind werden nicht erhoben.<br \/>\nAu\u00dfer den Teilnehmern der letzten Exkursion haben sich noch andere Interessenten gemeldet. Weitere Anmeldungen begr\u00fc\u00dfen wir sehr.<br \/>\nF\u00fcr den kommenden Winter haben wir zun\u00e4chst eine Zusammenkunft vorgesehen, bei der vorwiegend konzeptionelle Dinge und die Exkur-sionsplanung besprochen werden sollen. Voraussichtlicher Termin des Treffens ist Dienstag, 28. Februar 2012 (nach der Fastnacht), um 18:00 Uhr in Mannheim-Seckenheim. Genauer Ort und genaue Uhrzeit des Treffens sowie weitere Details werden den angemeldeten Interessenten und \u00fcber die BAS-Internetseite rechtzeitig mitgeteilt.<br \/>\nAlle Interessierte wenden sich bitte an: Markus Sonnberger, Weinweg 20, 69253 Heiligkreuzsteinach, Tel. 06220\/912266, vorzugsweise auch per E-Mail: mmsonnberger@aol.com<\/p>\n","protected":false},"excerpt":{"rendered":"<p>von MARKUS SONNBERGER Bei der BAS-Exkursion im September 2011 hat sich in Mannheim eine Regionalgruppe Kurpfalz gegr\u00fcndet. Die botanische Erforschung der Kurpfalz hat eine lange Tradition. Im Rahmen der floristischen Kartierung S\u00fcdwestdeutschlands m\u00f6chte die BAS ihren zahlreichen Mitgliedern aus dem Rhein-Neckar-Raum anbieten, mit der Mitarbeit in der Regional-gruppe an diese Tradition anzukn\u00fcpfen. Bezugsgebiet ist dabei [&hellip;]<\/p>\n","protected":false},"author":4,"featured_media":0,"comment_status":"closed","ping_status":"closed","sticky":false,"template":"","format":"standard","meta":{"footnotes":""},"categories":[40],"tags":[],"class_list":{"0":"post-531","1":"post","2":"type-post","3":"status-publish","4":"format-standard","6":"category-regionalgruppe-kurpfalz","7":"czr-hentry"},"_links":{"self":[{"href":"https:\/\/www.botanik-sw.de\/BAS\/module\/wordpress\/index.php?rest_route=\/wp\/v2\/posts\/531","targetHints":{"allow":["GET"]}}],"collection":[{"href":"https:\/\/www.botanik-sw.de\/BAS\/module\/wordpress\/index.php?rest_route=\/wp\/v2\/posts"}],"about":[{"href":"https:\/\/www.botanik-sw.de\/BAS\/module\/wordpress\/index.php?rest_route=\/wp\/v2\/types\/post"}],"author":[{"embeddable":true,"href":"https:\/\/www.botanik-sw.de\/BAS\/module\/wordpress\/index.php?rest_route=\/wp\/v2\/users\/4"}],"replies":[{"embeddable":true,"href":"https:\/\/www.botanik-sw.de\/BAS\/module\/wordpress\/index.php?rest_route=%2Fwp%2Fv2%2Fcomments&post=531"}],"version-history":[{"count":4,"href":"https:\/\/www.botanik-sw.de\/BAS\/module\/wordpress\/index.php?rest_route=\/wp\/v2\/posts\/531\/revisions"}],"predecessor-version":[{"id":941,"href":"https:\/\/www.botanik-sw.de\/BAS\/module\/wordpress\/index.php?rest_route=\/wp\/v2\/posts\/531\/revisions\/941"}],"wp:attachment":[{"href":"https:\/\/www.botanik-sw.de\/BAS\/module\/wordpress\/index.php?rest_route=%2Fwp%2Fv2%2Fmedia&parent=531"}],"wp:term":[{"taxonomy":"category","embeddable":true,"href":"https:\/\/www.botanik-sw.de\/BAS\/module\/wordpress\/index.php?rest_route=%2Fwp%2Fv2%2Fcategories&post=531"},{"taxonomy":"post_tag","embeddable":true,"href":"https:\/\/www.botanik-sw.de\/BAS\/module\/wordpress\/index.php?rest_route=%2Fwp%2Fv2%2Ftags&post=531"}],"curies":[{"name":"wp","href":"https:\/\/api.w.org\/{rel}","templated":true}]}}