{"id":539,"date":"2012-01-29T19:16:22","date_gmt":"2012-01-29T18:16:22","guid":{"rendered":"http:\/\/www.botanik-sw.de\/BAS\/module\/wordpress\/?p=539"},"modified":"2016-06-28T14:13:10","modified_gmt":"2016-06-28T13:13:10","slug":"bas-regionalgruppe-kurpfalz-infos-zum-ersten-treffen","status":"publish","type":"post","link":"https:\/\/www.botanik-sw.de\/BAS\/module\/wordpress\/?p=539","title":{"rendered":"BAS Regionalgruppe Kurpfalz (Infos zum ersten Treffen)"},"content":{"rendered":"<p>von MARKUS SONNBERGER<\/p>\n<p>Liebe Botaniker und Pflanzenfreunde,<\/p>\n<p>im vergangenen Jahr haben einige Personen aus dem Raum Mannheim-Heidelberg eine Regionalgruppe Kurpfalz innerhalb der Botanischen Arbeitsgemeinschaft S\u00fcdwestdeutschland ins Leben gerufen. Entsprechendes wurde auch schon in der \u201ePflanzenpresse\u201c mitgeteilt.<\/p>\n<p>Ziel dieser Regionalgruppe ist es, den Mitgliedern der BAS ein Angebot zu bieten, dass die einschl\u00e4gige und h\u00e4ufig regional gebundene Besch\u00e4ftigung mit der Flora unterst\u00fctzt. Insbesondere soll sie ein Plattform fachlichen Austausches sein, wo z.B. zun\u00e4chst mitgeteilt werden kann, mit welchen Ambitionen und ggf. sogar eigenen Projekten die Mitglieder ihre floristische Arbeit betreiben. Vielleicht gibt es auch Leute, die sich mit bestimmten Pflanzengruppen besonders gut auskennen und es besteht z.B. das Interesse Herbarbelege zu bekommen oder \u00fcberpr\u00fcft zu bekommen. Weiterhin will die BAS ihren Mitglieder mitteilen, welche \u00fcberregionalen Projekte am Laufen sind. Hier besteht vielleicht seitens mancher Mitglieder Interesse mitzuarbeiten. Innerhalb der Regionalgruppe kann dann gekl\u00e4rt werden, wie man das am sinnvollsten tut. Auch f\u00fcr methodischen Fragen, wie z.B. im Umgang mit Datenbanken oder das Anlegen von Herbarien, kann die Regionalgruppe ein Forum darstellen. Dar\u00fcber hinaus sollen zumindest monatliche Exkursionen angeboten werden und eine Art \u201eWeiterbildungsprogramm\u201c (Heub\u00f6rse: Diskussion kritischer Herbarbelege, vielleicht auch Referate, Jahresplanung Exkursionen, Hinweis auf Projekte und besonders kartierw\u00fcrdige Arten etc) mit 2-3 Treffen im Winterhalbjahr.<\/p>\n<p>Es ist vorerst nicht geplant, dass die Regionalgruppe eigene Projekte verfolgt. Allerding steht sie bei Aktivit\u00e4ten des Vereines, sofern sie unsere Region betreffen +\/- in der ersten Reihe. Dies w\u00e4ren z.B. in diesem Jahr der \u201eTag der Artenvielfalt\u201c in Mannheim (16.+17. Juni) sowie der 22. S\u00fcdwestdeutsche Floristentag, der auf Einladung der \u201eForschungsstelle Biodiversit\u00e4t\u201c und der anderen botanischen Institutionen der Universit\u00e4t Heidelberg (Prof. Koch) am ersten Oktoberwochenende in Heidelberg stattfinden wird.<\/p>\n<p>Wie in der \u201ePflanzenpresse\u201c angek\u00fcndigt wird am Dienstag nach Fastnacht (28. Februar) ein erstes Treffen stattfinden, bei dem Detailfragen zu kl\u00e4ren w\u00e4ren, wie z.B.:<\/p>\n<ul>\n<li>was ist die Kurpfalz; welchem Gebiet will man sich widmen<\/li>\n<li>gibt es Mitglieder die eigene Projekte verfolgen, z.B. Flora von Mannheim<\/li>\n<li>gibt es Mitglieder die einige Pflanzengruppen besonders gut kennen oder gerne bearbeiten<\/li>\n<li>gibt es Bedarf, z.B. die Funktion von naturkundlichen Datenbanken erkl\u00e4rt zu bekommen<\/li>\n<li>wer herbarisiert<\/li>\n<li>wann sind die besten Tage (Zeiten) f\u00fcr gemeinsame Exkursionen, wohin solls gehen<\/li>\n<li>wann ist die beste Zeit f\u00fcr Wintertreffen<\/li>\n<\/ul>\n<p>Der Ort f\u00fcr das Treffen steht mittlerweile auch fest. Es wird in Mannheim Seckenheim sein, und zwar im Gasthaus \u201eZur Turnhalle\u201c, Seckenheimer Landstra\u00dfe 33. Der Treffpunkt liegt g\u00fcnstig schr\u00e4g gegen\u00fcber des Seckenheimer OEG-Bahnhofes. Uhrzeit 19:30, damit auch die Berufst\u00e4tigen Zeit haben zu kommen. Sollte von einer gr\u00f6\u00dferen Zahl von Interessenten ein anderer Zeitpunkt gew\u00fcnscht werden, so k\u00f6nnte man das auch noch \u00e4ndern. Jedenfalls werde ich etwa zwei Wochen vorher nochmal eine Rundmail mit dem endg\u00fcltigen Zeitpunkt rausschicken.<\/p>\n<p>Alle Interessierte wenden sich bitte an: Markus Sonnberger, Weinweg 20, 69253 Heiligkreuzsteinach, Tel. 06220\/912266, vorzugsweise auch per E-Mail: mmsonnberger@aol.com<\/p>\n","protected":false},"excerpt":{"rendered":"<p>von MARKUS SONNBERGER Liebe Botaniker und Pflanzenfreunde, im vergangenen Jahr haben einige Personen aus dem Raum Mannheim-Heidelberg eine Regionalgruppe Kurpfalz innerhalb der Botanischen Arbeitsgemeinschaft S\u00fcdwestdeutschland ins Leben gerufen. Entsprechendes wurde auch schon in der \u201ePflanzenpresse\u201c mitgeteilt. Ziel dieser Regionalgruppe ist es, den Mitgliedern der BAS ein Angebot zu bieten, dass die einschl\u00e4gige und h\u00e4ufig regional [&hellip;]<\/p>\n","protected":false},"author":4,"featured_media":0,"comment_status":"closed","ping_status":"closed","sticky":false,"template":"","format":"standard","meta":{"footnotes":""},"categories":[40],"tags":[],"class_list":{"0":"post-539","1":"post","2":"type-post","3":"status-publish","4":"format-standard","6":"category-regionalgruppe-kurpfalz","7":"czr-hentry"},"_links":{"self":[{"href":"https:\/\/www.botanik-sw.de\/BAS\/module\/wordpress\/index.php?rest_route=\/wp\/v2\/posts\/539","targetHints":{"allow":["GET"]}}],"collection":[{"href":"https:\/\/www.botanik-sw.de\/BAS\/module\/wordpress\/index.php?rest_route=\/wp\/v2\/posts"}],"about":[{"href":"https:\/\/www.botanik-sw.de\/BAS\/module\/wordpress\/index.php?rest_route=\/wp\/v2\/types\/post"}],"author":[{"embeddable":true,"href":"https:\/\/www.botanik-sw.de\/BAS\/module\/wordpress\/index.php?rest_route=\/wp\/v2\/users\/4"}],"replies":[{"embeddable":true,"href":"https:\/\/www.botanik-sw.de\/BAS\/module\/wordpress\/index.php?rest_route=%2Fwp%2Fv2%2Fcomments&post=539"}],"version-history":[{"count":10,"href":"https:\/\/www.botanik-sw.de\/BAS\/module\/wordpress\/index.php?rest_route=\/wp\/v2\/posts\/539\/revisions"}],"predecessor-version":[{"id":943,"href":"https:\/\/www.botanik-sw.de\/BAS\/module\/wordpress\/index.php?rest_route=\/wp\/v2\/posts\/539\/revisions\/943"}],"wp:attachment":[{"href":"https:\/\/www.botanik-sw.de\/BAS\/module\/wordpress\/index.php?rest_route=%2Fwp%2Fv2%2Fmedia&parent=539"}],"wp:term":[{"taxonomy":"category","embeddable":true,"href":"https:\/\/www.botanik-sw.de\/BAS\/module\/wordpress\/index.php?rest_route=%2Fwp%2Fv2%2Fcategories&post=539"},{"taxonomy":"post_tag","embeddable":true,"href":"https:\/\/www.botanik-sw.de\/BAS\/module\/wordpress\/index.php?rest_route=%2Fwp%2Fv2%2Ftags&post=539"}],"curies":[{"name":"wp","href":"https:\/\/api.w.org\/{rel}","templated":true}]}}