{"id":740,"date":"2013-12-23T16:30:21","date_gmt":"2013-12-23T15:30:21","guid":{"rendered":"http:\/\/www.botanik-sw.de\/BAS\/module\/wordpress\/?p=740"},"modified":"2016-05-31T13:01:36","modified_gmt":"2016-05-31T12:01:36","slug":"horn-k-boecker-r-hrsg-2013-farne-als-lebensleidenschaft-festschrift-fuer-h-wilfried-bennert-anlaesslich-seines-65-geburtstages-berichte-des-instituts-fuer-landshafts-und-pflanzen","status":"publish","type":"post","link":"https:\/\/www.botanik-sw.de\/BAS\/module\/wordpress\/?p=740","title":{"rendered":"Horn K, &#038; B\u00f6cker R. (Hrsg.) 2013: Farne als Lebensleidenschaft. Festschrift f\u00fcr H.Wilfried Bennert anl\u00e4sslich seines 65. Geburtstages."},"content":{"rendered":"<p>von SIEGFRIED DEMUTH<\/p>\n<p><strong>Horn K, &amp; B\u00f6cker R. (Hrsg.) 2013: Farne als Lebensleidenschaft. Festschrift f\u00fcr H.Wilfried Bennert anl\u00e4sslich seines 65. Geburtstages. \u2013 Berichte des Instituts f\u00fcr Landshafts- und Pflanzen\u00f6kologie der Universit\u00e4t Hohenheim. Verlag f\u00fcr Landschafts und Pflanzen\u00f6kologie, 238 S.; Dormitz und Stuttgart.<\/strong><\/p>\n<p>Zum 65. Geburtstag von H. Wilfried Bennert ist eine Festschrift erschienen, die Leben und Werk des bekannten Botanikers und Farnforschers darstellt und sich mit mehreren Artikeln den Farnen, Schachtelhalmen und B\u00e4rlappen widmet.<\/p>\n<p>Zu Beginn stellt Karsten Horn in einer kurzen Biographie und einem Schriftenverzeichnis Wilfried Bennerts Leben und Wirken vor, der von 1975 bis 2010 an der Ruhr-Universit\u00e4t Bochum lehrte und forschte, zuletzt als Akademischer Oberrat und Au\u00dferordentlicher Professor.<br \/>\n<!--more--><br \/>\nVon den 23 Arten der Farnpflanzen, Schachtelhalme, Gnetaceaen und Gymnospermen der Flora \u00c4gyptens werden von Reinhard Bornkamm die Habitate, ihre Verbreitung und ihre pflanzensoziologische Einordnung dargestellt. Farne in alten Gartenkulturen Mitteleuropas am Beispiel Berlins sind Thema des Artikels von Herbert Sukopp. Von Selaginella apoda, Onoclea sensibili und Matteucia struthiopteris werden Herkunft, Verbreitung und ihr Status in Berlin beschrieben. Bemerkenswerte neophytische Farnpflanzen Nordwestdeutschlands sind das Thema des Artikels von Andreas Sarazin, Peter Keil, Peter Gausmann und Renate Fuchs. Die Autoren beschreiben Herkunft, Erstnachweise und Vorkommen von Adiantum capillus-veneris Adiantum raddianum, Cyrtonium fortunei, Pteris cretica, Pteris multifida und Selaginella kraussiana. Zur Beschreibung dieser Sippen werden auch die Ergebnisse von mikromorphologischen Messungen an Sporen, Stomata und Epidermiszellen herangezogen.<\/p>\n<p>Reinhard B\u00f6cker beschreibt die ehemals und aktuell in Stuttgart und Umgebung vorkommenden Farnpflanzen, Schachtelhalme und B\u00e4rlappe. Die Fund- und Wuchsorte von 37 Arten werden beschrieben und in Verbreitungskarten mit einem 64stel-Raster der TK25 dargestellt. Der Artikel von Marcus Lubienski besch\u00e4ftigt sich mit den Hybriden der Gattung Equisetum in Europa. Er umfasst ausf\u00fchrliche Beschreibungen, Unterscheidungsmerkmale zu \u00e4hnlichen Sippen, die Variablilit\u00e4t innerhalb der Sippen sowie ihre Verbreitung. In einem sehr \u00fcbersichtlichen Schema werden die Elternarten und ihre Kreuzungsprodukte dargestellt.<\/p>\n<p>Caroline J. van den Heede und Ronald L.L. Viane berichten \u00fcber die Entdeckung von Asplenium lolegnamense und A. xchasmophilum auf den Kanarischen Inseln. Mit cytologischen und genetischen Methoden werden ihr Artstatus und ihre Herkunft nachgewiesen. Wolfgang J\u00e4ger beschreibt Schlauchpilze auf Farnen, Schachtelhalmen und B\u00e4rlappen im Bergischen Land. Nachweisen konnte der Autor bisher vier Arten dieser Pilzgruppe.<\/p>\n<p>Von Karsten Horn wird \u00fcber die Forschung und das Wirkung von Karl August Julius Milde, einem bedeutenden Kryptogamenforscher des 19. Jh. berichtet. Neben der Darstellung seines Werdegangs und seiner wichtigsten Arbeiten werden 134 Ver\u00f6ffentlichungen Mildes zu Gef\u00e4\u00dfsporenpflanzen dokumentiert. Zu den bedeutendsten Werken Mildes geh\u00f6rt \u201eDie h\u00f6heren Sporenpflanzen Deutschland&#8217;s und der Schweiz, Leipzig 1865\u201c.<\/p>\n<p>Die beiden letzten Artikel besch\u00e4ftigen sich nicht mit Gef\u00e4\u00dfsporen-pflanzen: Die Unterscheidung zwischen Wuchsform und Lebensform sowie der unterschiedliche und der in der botanischen Literatur oft verwirrende Gebrauch dieser beiden Begriffe wird von Henning Haeupler beleuchtet. Klaus Kaplan berichtet \u00fcber die Pflanzenbesiedlung neu geschaffener Kleingew\u00e4sser in S\u00fcdniedersachsen mit besonderer Ber\u00fccksichtigung von Arten der Strandlings-Gesellschaften.<br \/>\nNeben zahlreichen Farbfotos bereichern mehrere Schwarz-Wei\u00df-Radierungen von Reinhard B\u00f6cker diese Festschrift. Sie ist eine gelungene W\u00fcrdigung des Schaffens von H. Wilfried Bennert.<\/p>\n<p>ISSN 0941-7257; ISBN 978-3-9811595-3-0<br \/>\nBezug nur \u00fcber die Versandbuchhandlung Andreas Kleinsteuber, Karlsruhe (kleinsteuber-books@kabelbw.de).<\/p>\n","protected":false},"excerpt":{"rendered":"<p>von SIEGFRIED DEMUTH Horn K, &amp; B\u00f6cker R. (Hrsg.) 2013: Farne als Lebensleidenschaft. Festschrift f\u00fcr H.Wilfried Bennert anl\u00e4sslich seines 65. Geburtstages. \u2013 Berichte des Instituts f\u00fcr Landshafts- und Pflanzen\u00f6kologie der Universit\u00e4t Hohenheim. Verlag f\u00fcr Landschafts und Pflanzen\u00f6kologie, 238 S.; Dormitz und Stuttgart. Zum 65. Geburtstag von H. Wilfried Bennert ist eine Festschrift erschienen, die Leben [&hellip;]<\/p>\n","protected":false},"author":4,"featured_media":0,"comment_status":"closed","ping_status":"closed","sticky":false,"template":"","format":"standard","meta":{"footnotes":""},"categories":[5],"tags":[],"class_list":{"0":"post-740","1":"post","2":"type-post","3":"status-publish","4":"format-standard","6":"category-2-2-2-2","7":"czr-hentry"},"_links":{"self":[{"href":"https:\/\/www.botanik-sw.de\/BAS\/module\/wordpress\/index.php?rest_route=\/wp\/v2\/posts\/740","targetHints":{"allow":["GET"]}}],"collection":[{"href":"https:\/\/www.botanik-sw.de\/BAS\/module\/wordpress\/index.php?rest_route=\/wp\/v2\/posts"}],"about":[{"href":"https:\/\/www.botanik-sw.de\/BAS\/module\/wordpress\/index.php?rest_route=\/wp\/v2\/types\/post"}],"author":[{"embeddable":true,"href":"https:\/\/www.botanik-sw.de\/BAS\/module\/wordpress\/index.php?rest_route=\/wp\/v2\/users\/4"}],"replies":[{"embeddable":true,"href":"https:\/\/www.botanik-sw.de\/BAS\/module\/wordpress\/index.php?rest_route=%2Fwp%2Fv2%2Fcomments&post=740"}],"version-history":[{"count":2,"href":"https:\/\/www.botanik-sw.de\/BAS\/module\/wordpress\/index.php?rest_route=\/wp\/v2\/posts\/740\/revisions"}],"predecessor-version":[{"id":1440,"href":"https:\/\/www.botanik-sw.de\/BAS\/module\/wordpress\/index.php?rest_route=\/wp\/v2\/posts\/740\/revisions\/1440"}],"wp:attachment":[{"href":"https:\/\/www.botanik-sw.de\/BAS\/module\/wordpress\/index.php?rest_route=%2Fwp%2Fv2%2Fmedia&parent=740"}],"wp:term":[{"taxonomy":"category","embeddable":true,"href":"https:\/\/www.botanik-sw.de\/BAS\/module\/wordpress\/index.php?rest_route=%2Fwp%2Fv2%2Fcategories&post=740"},{"taxonomy":"post_tag","embeddable":true,"href":"https:\/\/www.botanik-sw.de\/BAS\/module\/wordpress\/index.php?rest_route=%2Fwp%2Fv2%2Ftags&post=740"}],"curies":[{"name":"wp","href":"https:\/\/api.w.org\/{rel}","templated":true}]}}